[{"@context":"https:\/\/schema.org\/","@type":"Article","@id":"https:\/\/www.beleza.cz\/skupinove-vyucovani\/#Article","mainEntityOfPage":"https:\/\/www.beleza.cz\/skupinove-vyucovani\/","headline":"Skupinov\u00e9 vyu\u010dov\u00e1n\u00ed","name":"Skupinov\u00e9 vyu\u010dov\u00e1n\u00ed","description":"Na \u010desk\u00fdch \u0161kol\u00e1ch se pojmy jako skupinov\u00e9 vyu\u010dov\u00e1n\u00ed \u010di kooperativn\u00ed vyu\u010dov\u00e1n\u00ed ji\u017e b\u011b\u017en\u011b pou\u017e\u00edvaj\u00ed, alespo\u0148 tedy v\u00a0teoretick\u00e9 podob\u011b. Z\u00e1le\u017e\u00ed v\u0161ak u\u017e na samotn\u00e9 \u0161kole, u\u010diteli \u010di p\u0159edm\u011btu, do jak\u00e9 m\u00edry jsou tyto pojmy re\u00e1lnou sou\u010d\u00e1st\u00ed vyu\u010dov\u00e1n\u00ed. V\u011bt\u0161inou je jim v\u011bnov\u00e1n jen mal\u00fd objem z\u00a0celkov\u00e9ho \u010dasu. Pro\u010d tomu tak je? Jak\u00e1 jsou pozitiva skupinov\u00e9ho vyu\u010dov\u00e1n\u00ed? \u00b7\u00a0\u00a0\u00a0\u00a0\u00a0\u00a0\u00a0\u00a0 [&hellip;]","datePublished":"2025-01-06","dateModified":"2025-01-06","author":{"@type":"Person","@id":"https:\/\/www.beleza.cz\/author\/#Person","name":"","url":"https:\/\/www.beleza.cz\/author\/","identifier":1,"image":{"@type":"ImageObject","@id":"https:\/\/secure.gravatar.com\/avatar\/9cac53ffad5d6e0659d72eaf216400c165f8fbf396c79017c66698a8aa5be23d?s=96&d=mm&r=g","url":"https:\/\/secure.gravatar.com\/avatar\/9cac53ffad5d6e0659d72eaf216400c165f8fbf396c79017c66698a8aa5be23d?s=96&d=mm&r=g","height":96,"width":96}},"publisher":{"@type":"Organization","name":"beleza.cz","logo":{"@type":"ImageObject","@id":"\/logo.png","url":"\/logo.png","width":600,"height":60}},"image":{"@type":"ImageObject","@id":"https:\/\/www.beleza.cz\/wp-content\/uploads\/img_a312948_w2294_t1523638647.jpg","url":"https:\/\/www.beleza.cz\/wp-content\/uploads\/img_a312948_w2294_t1523638647.jpg","height":0,"width":0},"url":"https:\/\/www.beleza.cz\/skupinove-vyucovani\/","wordCount":417,"articleBody":"Na \u010desk\u00fdch \u0161kol\u00e1ch se pojmy jako skupinov\u00e9 vyu\u010dov\u00e1n\u00ed \u010di kooperativn\u00ed vyu\u010dov\u00e1n\u00ed ji\u017e b\u011b\u017en\u011b pou\u017e\u00edvaj\u00ed, alespo\u0148 tedy v\u00a0teoretick\u00e9 podob\u011b. Z\u00e1le\u017e\u00ed v\u0161ak u\u017e na samotn\u00e9 \u0161kole, u\u010diteli \u010di p\u0159edm\u011btu, do jak\u00e9 m\u00edry jsou tyto pojmy re\u00e1lnou sou\u010d\u00e1st\u00ed vyu\u010dov\u00e1n\u00ed. V\u011bt\u0161inou je jim v\u011bnov\u00e1n jen mal\u00fd objem z\u00a0celkov\u00e9ho \u010dasu. Pro\u010d tomu tak je?Jak\u00e1 jsou pozitiva skupinov\u00e9ho vyu\u010dov\u00e1n\u00ed?\u00b7\u00a0\u00a0\u00a0\u00a0\u00a0\u00a0\u00a0\u00a0 Zvy\u0161uje aktivitu \u017e\u00e1k\u016f, \u017e\u00e1ci maj\u00ed o \u00fakoly v\u011bt\u0161\u00ed z\u00e1jem\u00b7\u00a0\u00a0\u00a0\u00a0\u00a0\u00a0\u00a0\u00a0 \u017d\u00e1ci se u\u010d\u00ed komunikativn\u00edm dovednostem\u00b7\u00a0\u00a0\u00a0\u00a0\u00a0\u00a0\u00a0\u00a0 \u017d\u00e1ci se u\u010d\u00ed, jak si zorganizovat pr\u00e1ci\u00b7\u00a0\u00a0\u00a0\u00a0\u00a0\u00a0\u00a0\u00a0 Zvy\u0161uje se sebev\u011bdom\u00ed, \u00fasp\u011b\u0161nost a samostatnost \u017e\u00e1k\u016f\u00b7\u00a0\u00a0\u00a0\u00a0\u00a0\u00a0\u00a0\u00a0 U\u010ditel m\u016f\u017ee v\u011bnovat v\u00edce pozornosti slab\u0161\u00ed skupin\u011bJak\u00e9 jsou probl\u00e9my skupinov\u00e9ho pr\u00e1ce\u00b7\u00a0\u00a0\u00a0\u00a0\u00a0\u00a0\u00a0\u00a0 \u017d\u00e1ci \u010dasto nepracuj\u00ed rovnom\u011brn\u011b, m\u016f\u017ee se st\u00e1t, \u017ee pracuj\u00ed pouze ti zdatn\u011bj\u0161\u00ed a slab\u0161\u00ed \u017e\u00e1ci se jen \u201evezou\u201c\u00b7\u00a0\u00a0\u00a0\u00a0\u00a0\u00a0\u00a0\u00a0 Pr\u00e1ci \u010dasto chyb\u00ed systemati\u010dnost\u00b7\u00a0\u00a0\u00a0\u00a0\u00a0\u00a0\u00a0\u00a0 Pr\u00e1ce ve skupin\u00e1ch b\u00fdv\u00e1 hlu\u010dn\u00e1\u00b7\u00a0\u00a0\u00a0\u00a0\u00a0\u00a0\u00a0\u00a0 Obt\u00ed\u017en\u00e9 m\u016f\u017ee b\u00fdt hodnocen\u00ed \u010dinnosti\u00b7\u00a0\u00a0\u00a0\u00a0\u00a0\u00a0\u00a0\u00a0 Vy\u017eaduje to n\u00e1ro\u010dn\u011bj\u0161\u00ed p\u0159\u00edpravu u\u010ditelePro\u010d se skupinov\u00e9 vyu\u010dov\u00e1n\u00ed na \u010desk\u00fdch \u0161kol\u00e1ch prosazuje obt\u00ed\u017en\u011bji?V\u011bt\u0161ina sou\u010dasn\u00fdch u\u010ditel\u016f pro\u0161la sama modelem, kdy zdrojem ve\u0161ker\u00e9ho v\u011bd\u011bn\u00ed je u\u010ditel a jeho \u00fakolem je sv\u00e9 znalosti p\u0159edat \u017e\u00e1k\u016fm. Jedn\u00e1 se o tzv. transmisivn\u00ed zp\u016fsob vyu\u010dov\u00e1n\u00ed, kdy u\u010ditel p\u0159ed\u00e1v\u00e1 sv\u00e9 znalosti v\u00edcem\u00e9n\u011b pasivn\u00edm \u017e\u00e1k\u016fm. U\u010ditel je garantem pravdy. Nov\u00e9 modely \u0161koly up\u0159ednost\u0148uj\u00ed aktivn\u011bj\u0161\u00ed zapojen\u00ed \u017e\u00e1k\u016f, pracuj\u00ed s\u00a0my\u0161lenkou, \u017ee spolupr\u00e1ce d\u011bt\u00ed je jeden z\u00a0d\u016fle\u017eit\u00fdch princip\u016f vyu\u010dov\u00e1n\u00ed. V\u00a0na\u0161ich \u0161kol\u00e1ch v\u0161ak st\u00e1le ponejv\u00edce funguje model, kdy u\u010ditel stoj\u00ed p\u0159ed tabul\u00ed a proti n\u011bmu sed\u00ed 20 a\u017e 30 d\u011bt\u00ed. A je to u\u010ditel, kdo je vyvol\u00e1v\u00e1, d\u00e1v\u00e1 jim prostor k\u00a0aktivit\u011b, a kdo je kontroluje, jak si u\u010divo osvojili. Skupinov\u00e9 vyu\u010dov\u00e1n\u00ed tak b\u00fdv\u00e1 pova\u017eov\u00e1no jen za jak\u00e9si zpest\u0159en\u00ed v\u00fduky. Skupinov\u00e9 vyu\u010dov\u00e1n\u00ed m\u016f\u017ee dob\u0159e fungovat a b\u00fdt p\u0159\u00ednosn\u00e9 jen tehdy, pokud si u\u010ditel\u00e9 p\u0159ipust\u00ed, \u017ee nejen interakce mezi u\u010ditelem a \u017e\u00e1kem je pro d\u011bti pot\u0159ebn\u00e1, ale \u017ee je to tak\u00e9 interakce mezi \u017e\u00e1ky samotn\u00fdmi.                                                                                                                                                                                                                                                                                                                                                                                                "},{"@context":"https:\/\/schema.org\/","@type":"BreadcrumbList","itemListElement":[{"@type":"ListItem","position":1,"name":"Skupinov\u00e9 vyu\u010dov\u00e1n\u00ed","item":"https:\/\/www.beleza.cz\/skupinove-vyucovani\/#breadcrumbitem"}]}]