[{"@context":"https:\/\/schema.org\/","@type":"Article","@id":"https:\/\/www.beleza.cz\/pro-osvc\/#Article","mainEntityOfPage":"https:\/\/www.beleza.cz\/pro-osvc\/","headline":"Pro osv\u010d","name":"Pro osv\u010d","description":"Tak\u00e9 jste u\u017e n\u011bkdy p\u0159em\u00fd\u0161leli nad t\u00edm, \u017ee byste pracovali jako OSV\u010c? Znamen\u00e1 to, \u017ee byste byli osoba samostatn\u011b v\u00fdd\u011ble\u010dn\u011b \u010dinn\u00e1. A m\u011b tohle v\u017edycky opravdu hodn\u011b zaj\u00edmalo, ale kdy\u017e jsem se pozd\u011bji dozv\u011bd\u011bla, \u017ee bych tak\u00e9 m\u011bla opravdu hodn\u011b povinnost\u00ed a starost\u00ed s t\u00edm, \u017ee bych byla OSV\u010c, tak\u017ee jsem si to rad\u011bji rozmyslela. [&hellip;]","datePublished":"2023-06-26","dateModified":"2023-07-26","author":{"@type":"Person","@id":"https:\/\/www.beleza.cz\/author\/#Person","name":"","url":"https:\/\/www.beleza.cz\/author\/","identifier":1,"image":{"@type":"ImageObject","@id":"https:\/\/secure.gravatar.com\/avatar\/9cac53ffad5d6e0659d72eaf216400c165f8fbf396c79017c66698a8aa5be23d?s=96&d=mm&r=g","url":"https:\/\/secure.gravatar.com\/avatar\/9cac53ffad5d6e0659d72eaf216400c165f8fbf396c79017c66698a8aa5be23d?s=96&d=mm&r=g","height":96,"width":96}},"publisher":{"@type":"Organization","name":"beleza.cz","logo":{"@type":"ImageObject","@id":"\/logo.png","url":"\/logo.png","width":600,"height":60}},"image":{"@type":"ImageObject","@id":"https:\/\/www.beleza.cz\/wp-content\/uploads\/ux-788002_1280.jpg","url":"https:\/\/www.beleza.cz\/wp-content\/uploads\/ux-788002_1280.jpg","height":0,"width":0},"url":"https:\/\/www.beleza.cz\/pro-osvc\/","about":["Business"],"wordCount":423,"articleBody":"   Tak\u00e9 jste u\u017e n\u011bkdy p\u0159em\u00fd\u0161leli nad t\u00edm, \u017ee byste pracovali jako OSV\u010c? Znamen\u00e1 to, \u017ee byste byli osoba samostatn\u011b v\u00fdd\u011ble\u010dn\u011b \u010dinn\u00e1. A m\u011b tohle v\u017edycky opravdu hodn\u011b zaj\u00edmalo, ale kdy\u017e jsem se pozd\u011bji dozv\u011bd\u011bla, \u017ee bych tak\u00e9 m\u011bla opravdu hodn\u011b povinnost\u00ed a starost\u00ed s t\u00edm, \u017ee bych byla OSV\u010c, tak\u017ee jsem si to rad\u011bji rozmyslela. Jenom\u017ee jsem potom po letech potkala sv\u00e9ho kamar\u00e1da ze z\u00e1kladn\u00ed \u0161koly. A jak u\u017e to, tak b\u00fdv\u00e1, tak jsme se po p\u00e1r sch\u016fzek do sebe zamilovali a \u0159ekli jsme si, \u017ee u\u017e nejsme mal\u00e9 d\u011bti, \u017ee u\u017e jsme dosp\u011bl\u00ed a \u017ee bychom kone\u010dn\u011b u\u017e mohl j\u00edt s k\u016f\u017e\u00ed na trh.Jednodu\u0161\u0161\u00ed jsme se m\u011bli u\u017e r\u00e1di d\u00e9le, jenom jsme se potk\u00e1vali, tak\u017ee jsme si s p\u0159\u00edtelem \u0159ekli, \u017ee to vlastn\u011b d\u00e1me dohromady. Tak\u017ee u\u017e z n\u00e1s nebyli jenom kamar\u00e1di, ale milenci. A pozd\u011bji, asi rok a p\u016fl po na\u0161em sezn\u00e1men\u00ed mi p\u0159\u00edtel ozn\u00e1mil, \u017ee by cht\u011bl podnikat. A \u017ee bych cht\u011bl prod\u00e1vat n\u00e1\u0159ad\u00ed. Cht\u011bl prod\u00e1vat to, co prod\u00e1val jeho otec, akor\u00e1t jeho otec s t\u00edm u\u017e cht\u011bl sko\u010dit kv\u016fli jeho nemoci. M\u016fj p\u0159\u00edtel mi \u0159ekl, \u017ee by to cht\u011bl p\u0159evz\u00edt, ale v\u0161echno chce zmodernizovat. Proto tak\u00e9 pot\u0159eboval opravdu kvalitn\u00ed s\u00eddlo pro OSV\u010c. a v\u011b\u0159te mi, \u017ee naj\u00edt s\u00eddlo, kter\u00e9 by vyhovovalo n\u011bkomu, Kdo je osoba samostatn\u011b v\u00fdd\u011ble\u010dn\u011b \u010dinn\u00e1, tak je to velice slo\u017eit\u00e9. Proto jsem opravdu r\u00e1da, \u017ee mi kamar\u00e1dka doporu\u010dila webov\u00e9 str\u00e1nky companiesandoffices.cz, kde jsou r\u016fzn\u00e1 virtu\u00e1ln\u00ed s\u00eddla pro OSV\u010c. Nen\u00ed to ale tak jednoduch\u00e9, jak se \u0159\u00edk\u00e1. Myslela jsem se, \u017ee to bude jednodu\u0161\u0161\u00ed, ale ono je to sp\u00ed\u0161e v\u00edce t\u011b\u017e\u0161\u00ed, ne\u017e jsem si myslela. Ale p\u0159\u00edtel mi \u0159ekl, \u017ee pokud bude m\u00edt opravdu kvalitn\u00ed virtu\u00e1ln\u00ed s\u00eddlo pro OSV\u010c, tak bude velice spokojen\u00fd. A proto\u017ee p\u0159\u00edtele miluji a cht\u011bla jsem se tak\u00e9 zapojit do jeho podnik\u00e1n\u00ed, tak p\u0159\u00edtele budu podporovat. Na\u0161t\u011bst\u00ed tahle firma opravdu v\u00ed, co d\u011bl\u00e1. A jsou zde sam\u00ed profesion\u00e1lov\u00e9, tak\u017ee pokud n\u011bco nebudete v\u011bd\u011bt, tato firma v\u00e1m tak\u00e9 v\u017edy moc r\u00e1da porad\u00ed.                                                                                                                                                                                                                                                                                                                                                                                                   "},{"@context":"https:\/\/schema.org\/","@type":"BreadcrumbList","itemListElement":[{"@type":"ListItem","position":1,"name":"Pro osv\u010d","item":"https:\/\/www.beleza.cz\/pro-osvc\/#breadcrumbitem"}]}]