[{"@context":"https:\/\/schema.org\/","@type":"Article","@id":"https:\/\/www.beleza.cz\/miminkovska-vybavicka\/#Article","mainEntityOfPage":"https:\/\/www.beleza.cz\/miminkovska-vybavicka\/","headline":"Miminkovsk\u00e1 v\u00fdbavi\u010dka","name":"Miminkovsk\u00e1 v\u00fdbavi\u010dka","description":"V\u011b\u0159te, \u017ee tuto ot\u00e1zku si kladou v\u0161echny maminky, zejm\u00e9na ty, kter\u00e9 rod\u00ed poprv\u00e9 a v\u0161echno maj\u00ed p\u0159ed sebou. U\u017e odpo\u010d\u00edt\u00e1vaj\u00ed dny, kdy miminko p\u0159ijde na sv\u011bt, ale pak to mo\u017en\u00e1 bude je\u0161t\u011b mnohem t\u011b\u017e\u0161\u00ed, starat se o toho mal\u00e9ho \u010dlov\u00ed\u010dka, a proto je dobr\u00e9 nebo sp\u00ed\u0161e \u017e\u00e1douc\u00ed m\u00edt v\u0161echno pro n\u011bj hezky p\u0159ipraven\u00e9, aby to [&hellip;]","datePublished":"2024-03-29","dateModified":"2024-05-13","author":{"@type":"Person","@id":"https:\/\/www.beleza.cz\/author\/#Person","name":"","url":"https:\/\/www.beleza.cz\/author\/","identifier":1,"image":{"@type":"ImageObject","@id":"https:\/\/secure.gravatar.com\/avatar\/9cac53ffad5d6e0659d72eaf216400c165f8fbf396c79017c66698a8aa5be23d?s=96&d=mm&r=g","url":"https:\/\/secure.gravatar.com\/avatar\/9cac53ffad5d6e0659d72eaf216400c165f8fbf396c79017c66698a8aa5be23d?s=96&d=mm&r=g","height":96,"width":96}},"publisher":{"@type":"Organization","name":"beleza.cz","logo":{"@type":"ImageObject","@id":"\/logo.png","url":"\/logo.png","width":600,"height":60}},"image":{"@type":"ImageObject","@id":"https:\/\/www.beleza.cz\/wp-content\/uploads\/pexels-vika-glitter-392079-1648377.jpg","url":"https:\/\/www.beleza.cz\/wp-content\/uploads\/pexels-vika-glitter-392079-1648377.jpg","height":0,"width":0},"url":"https:\/\/www.beleza.cz\/miminkovska-vybavicka\/","about":["V\u00fdrobky"],"wordCount":427,"articleBody":"      V\u011b\u0159te, \u017ee tuto ot\u00e1zku si kladou v\u0161echny maminky, zejm\u00e9na ty, kter\u00e9 rod\u00ed poprv\u00e9 a v\u0161echno maj\u00ed p\u0159ed sebou. U\u017e odpo\u010d\u00edt\u00e1vaj\u00ed dny, kdy miminko p\u0159ijde na sv\u011bt, ale pak to mo\u017en\u00e1 bude je\u0161t\u011b mnohem t\u011b\u017e\u0161\u00ed, starat se o toho mal\u00e9ho \u010dlov\u00ed\u010dka, a proto je dobr\u00e9 nebo sp\u00ed\u0161e \u017e\u00e1douc\u00ed m\u00edt v\u0161echno pro n\u011bj hezky p\u0159ipraven\u00e9, aby to bylo jednoduch\u00e9 a co nejv\u00edce praktick\u00e9. Tak\u017ee v\u00fdbavi\u010dku mus\u00edte p\u0159ipravit, a\u0165 ho m\u00e1te pak do \u010deho obl\u00e9kat, proto\u017ee \u010dasto bude jeho oble\u010den\u00ed poblinkan\u00e9 nebo \u0161pinav\u00e9 od drobn\u00fdch nehod z pl\u00ednky.No ale co je jasn\u00e9 je to, \u017ee ka\u017ed\u00e1 maminka  https:\/\/maminka-cr.cz\/ chce m\u00edt svoje miminko oble\u010den\u00e9 jako ze \u0161katulky, proto\u017ee prvn\u00ed fotografie s n\u00edm z\u016fstanou cel\u00fd jeho \u017eivot a budou prohl\u00ed\u017eeny hezk\u00fdch p\u00e1r des\u00edtek let. Proto je hezk\u00e9, kdy\u017e na nich miminko vypad\u00e1 co nejhez\u010deji, choul\u00edc\u00ed se v n\u00e1ru\u010d\u00edch rodi\u010d\u016f, prarodi\u010d\u016f nebo teti\u010dek a str\u00fdc\u016f. Ka\u017ed\u00fd se na n\u011bj p\u0159ijede pod\u00edvat, tak s t\u00edm ur\u010dit\u011b po\u010d\u00edtejte, \u017ee ka\u017ed\u00fd bude cht\u00edt vid\u011bt ten z\u00e1zrak a vyfotit si ho. Po\u0159i\u010fte mu kr\u00e1sn\u00e9 kojeneck\u00e9 overaly samet Kojeneckeobleceni.cz v t\u011bch men\u0161\u00edch velikostech, aby ho mohl nebo mohla m\u00edt na sob\u011b t\u0159eba u\u017e p\u0159i odjezdu z porodnice. Jak kr\u00e1sn\u011b v nich d\u011bti vypadaj\u00ed, a\u0165 u\u017e v t\u011bch hol\u010di\u010d\u00edch nebo klu\u010di\u010d\u00edch, je to jedno, vypadaj\u00ed jako mal\u00e1 ml\u00e1\u010f\u00e1tka zv\u00ed\u0159\u00e1tek a jsou roztomilou\u010dk\u00e1 a\u017e do nebes. M\u016f\u017eete po\u0159\u00eddit i teplou\u010dk\u00fd, kter\u00fd v\u00e1m bude slou\u017eit jako svrchn\u00ed vrstva a pod n\u00ed m\u016f\u017eete d\u00edt\u011b je\u0161t\u011b obl\u00e9knout. D\u00edky overalu mu nepot\u00e1hne na z\u00e1da, a je\u0161t\u011b je opat\u0159en kapuc\u00ed, tak\u017ee mu tak m\u016f\u017eete zajistit, \u017ee mu nepot\u00e1hne ani na krk, co\u017e je tak\u00e9 \u017e\u00e1douc\u00ed. Je to vhodn\u00e9 pr\u00e1v\u011b na takov\u00e9 z\u00e1ludn\u00e9 jaro nebo podzim, kdy je\u0161t\u011b t\u0159eba nechceme vytahovat cel\u00fd zimn\u00ed fusak, kde by se d\u00edt\u011b zase mohlo p\u0159eh\u0159\u00e1t, a tak chladn\u00e9 po\u010das\u00ed je\u0161t\u011b t\u0159eba nepanuje. Nebo vezm\u011bte o velikost \u010di dv\u011b v\u011bt\u0161\u00ed, aby obl\u00e9k\u00e1n\u00ed do n\u011bj bylo nav\u00edc je\u0161t\u011b pohodln\u011bj\u0161\u00ed a je\u0161t\u011b v\u00e1m vydr\u017e\u00ed del\u0161\u00ed dobu.                                                                                                                                                                                                                                                                                                                                                                                                   "},{"@context":"https:\/\/schema.org\/","@type":"BreadcrumbList","itemListElement":[{"@type":"ListItem","position":1,"name":"Miminkovsk\u00e1 v\u00fdbavi\u010dka","item":"https:\/\/www.beleza.cz\/miminkovska-vybavicka\/#breadcrumbitem"}]}]