[{"@context":"https:\/\/schema.org\/","@type":"Article","@id":"https:\/\/www.beleza.cz\/jdete-za-kulturou\/#Article","mainEntityOfPage":"https:\/\/www.beleza.cz\/jdete-za-kulturou\/","headline":"Jd\u011bte za kulturou","name":"Jd\u011bte za kulturou","description":"N\u011bkte\u0159\u00ed lid\u00e9 si st\u011b\u017euj\u00ed \u017ee maj\u00ed m\u00e1lo voln\u00e9ho \u010dasu, ale kdy\u017e u\u017e n\u011bjak\u00fd maj\u00ed, nev\u00ed, jak s n\u00edm nalo\u017eit. Pat\u0159\u00edte mezi lidi, kte\u0159\u00ed nev\u00ed, jak vyu\u017e\u00edt voln\u00fd ve\u010der? M\u00e1te r\u00e1di hudbu a nebr\u00e1n\u00edte se ani t\u00e9 v\u00e1\u017en\u00e9 https:\/\/www.lidovky.cz\/pozitek-z-vina-umocni-vyber-hudby-dl7-\/dobra-chut.aspx%3Fc%3DA111104_125733_dobra-chut_glu ? Co kdybyste si za\u0161li na koncert, na kter\u00fd budete vzpom\u00ednat cel\u00fd \u017eivot? Nejde jen o hudbu, [&hellip;]","datePublished":"2024-10-12","dateModified":"2024-10-12","author":{"@type":"Person","@id":"https:\/\/www.beleza.cz\/author\/#Person","name":"","url":"https:\/\/www.beleza.cz\/author\/","identifier":1,"image":{"@type":"ImageObject","@id":"https:\/\/secure.gravatar.com\/avatar\/9cac53ffad5d6e0659d72eaf216400c165f8fbf396c79017c66698a8aa5be23d?s=96&d=mm&r=g","url":"https:\/\/secure.gravatar.com\/avatar\/9cac53ffad5d6e0659d72eaf216400c165f8fbf396c79017c66698a8aa5be23d?s=96&d=mm&r=g","height":96,"width":96}},"publisher":{"@type":"Organization","name":"beleza.cz","logo":{"@type":"ImageObject","@id":"\/logo.png","url":"\/logo.png","width":600,"height":60}},"image":{"@type":"ImageObject","@id":"https:\/\/www.beleza.cz\/wp-content\/uploads\/conductor-5157153_640(1).jpg","url":"https:\/\/www.beleza.cz\/wp-content\/uploads\/conductor-5157153_640(1).jpg","height":0,"width":0},"url":"https:\/\/www.beleza.cz\/jdete-za-kulturou\/","about":["Business"],"wordCount":434,"articleBody":"       N\u011bkte\u0159\u00ed lid\u00e9 si st\u011b\u017euj\u00ed \u017ee maj\u00ed m\u00e1lo voln\u00e9ho \u010dasu, ale kdy\u017e u\u017e n\u011bjak\u00fd maj\u00ed, nev\u00ed, jak s n\u00edm nalo\u017eit. Pat\u0159\u00edte mezi lidi, kte\u0159\u00ed nev\u00ed, jak vyu\u017e\u00edt voln\u00fd ve\u010der? M\u00e1te r\u00e1di hudbu a nebr\u00e1n\u00edte se ani t\u00e9 v\u00e1\u017en\u00e9 https:\/\/www.lidovky.cz\/pozitek-z-vina-umocni-vyber-hudby-dl7-\/dobra-chut.aspx%3Fc%3DA111104_125733_dobra-chut_glu ? Co kdybyste si za\u0161li na koncert, na kter\u00fd budete vzpom\u00ednat cel\u00fd \u017eivot? Nejde jen o hudbu, ale i o n\u00e1v\u0161t\u011bvu zn\u00e1m\u00e9 synagogy v Praze. M\u016f\u017eete tak jednou n\u00e1v\u0161t\u011bvou pro\u017e\u00edt nejen prohl\u00eddku kr\u00e1sn\u00e9ho s\u00e1lu, ale m\u016f\u017eete si u\u017e\u00edt i koncert v\u00e1\u017en\u00e9 hudby v Praze https:\/\/www.bmart.cz\/cs na jedine\u010dn\u00e9m m\u00edst\u011b. Zaj\u00edt si na koncert je skv\u011bl\u00e9 z n\u011bkolika d\u016fvod\u016f. Za prv\u00e9 se setk\u00e1te s \u010desk\u00fdm orchestrem Czech collegium, a za druh\u00e9 si prohl\u00e9dnete nejmlad\u0161\u00ed pra\u017eskou synagogu, ve kter\u00e9 jste mo\u017en\u00e1 je\u0161t\u011b nikdy nebyli. L\u00edstky na koncert si m\u016f\u017eete koupit online, tak\u017ee kv\u016fli nim ani nikam nemus\u00edte chodit. Na to, jak\u00fd v\u00e1s \u010dek\u00e1 z\u00e1\u017eitek, nejsou l\u00edstky v\u016fbec drah\u00e9. Na tyto koncerty chod\u00ed hodn\u011b cizinc\u016f, kte\u0159\u00ed jsou v Praze na dovolen\u00e9 a cht\u011bj\u00ed si ji u\u017e\u00edt i trochu jinak. Setk\u00e1te se tu samoz\u0159ejm\u011b i s mnoha \u010cechy, kte\u0159\u00ed rovn\u011b\u017e cht\u011bj\u00ed n\u011bjak\u00fd nev\u0161edn\u00ed z\u00e1\u017eitek na zaj\u00edmav\u00e9m m\u00edst\u011b. Zajd\u011bte si s partnerem, partnerkou nebo rodinou na koncert, kter\u00fd v\u00e1m utkv\u00ed v pam\u011bti na dlouho. Setk\u00e1te se s i s vynikaj\u00edc\u00edmi sopranisty a sopranistkami, co\u017e v\u00e1\u0161 z\u00e1\u017eitek je\u0161t\u011b umocn\u00ed. V sou\u010dasn\u00e9 dob\u011b n\u00e1s \u010dek\u00e1 n\u011bkolik koncert\u016f, kter\u00e9 se rychle vyprod\u00e1vaj\u00ed. Pokud si chcete u\u017e\u00edt skv\u011blou atmosf\u00e9ru, ur\u010dit\u011b si vyhra\u010fte \u010das a nav\u0161tivte koncert v\u00e1\u017en\u00e9 hudby, kter\u00fd jinde neza\u017eijete. Oby\u010dejn\u00e9 koncerty jsou sice fajn, ale na koncert v synagoze, kter\u00e9 po\u0159\u00e1d\u00e1me, rozhodn\u011b nedos\u00e1hne. Podpo\u0159\u00edte um\u011blce, kte\u0159\u00ed d\u00e1vaj\u00ed do sv\u00fdch v\u00fdkon\u016f maximum, abyste si u\u017eili v\u00e1\u017eou hudbu tak jak ji nezn\u00e1te. Vzhledem k tomu \u017ee koncerty prob\u00edhaj\u00ed i v prosinci, a dokonce i na \u0160t\u011bdr\u00fd den, m\u016f\u017eete za\u017e\u00edt jedine\u010dn\u00e9 V\u00e1noce a nebo n\u011bkomu darovat l\u00edstek jako v\u00e1no\u010dn\u00ed d\u00e1rek. Takov\u00fd origin\u00e1ln\u00ed d\u00e1rek pot\u011b\u0161\u00ed dvojn\u00e1sob, proto\u017ee jde o z\u00e1\u017eitek.                                                                                                                                                                                                                                                                                                                                                                                                  "},{"@context":"https:\/\/schema.org\/","@type":"BreadcrumbList","itemListElement":[{"@type":"ListItem","position":1,"name":"Jd\u011bte za kulturou","item":"https:\/\/www.beleza.cz\/jdete-za-kulturou\/#breadcrumbitem"}]}]