[{"@context":"https:\/\/schema.org\/","@type":"Article","@id":"https:\/\/www.beleza.cz\/interierovy-design-a-co-od-toho-muzeme-cekat\/#Article","mainEntityOfPage":"https:\/\/www.beleza.cz\/interierovy-design-a-co-od-toho-muzeme-cekat\/","headline":"Interi\u00e9rov\u00fd design a co od toho m\u016f\u017eeme \u010dekat?","name":"Interi\u00e9rov\u00fd design a co od toho m\u016f\u017eeme \u010dekat?","description":"Zam\u00fd\u0161leli jste se n\u011bkdy nad t\u00edm pro\u010d tolik lid\u00ed na t\u00e9to planet\u011b vyu\u017e\u00edv\u00e1 slu\u017eeb design\u00e9r\u016f? A pro\u010d to vlastn\u011b d\u011blaj\u00ed? Cht\u011bj\u00ed m\u00edt snad pocit, \u017ee pro svoje domovy ud\u011blali to nejlep\u0161\u00ed? Anebo se prost\u011b jen chceme soust\u0159edit na dokonalost odborn\u00edk\u016f, proto\u017ee jsme moc n\u00e1ro\u010dn\u00ed a m\u00e1me vysok\u00e9 po\u017eadavky. Ale hlavn\u00ed je to, \u017ee interi\u00e9rov\u00ed design\u00e9\u0159i [&hellip;]","datePublished":"2023-06-25","dateModified":"2023-07-25","author":{"@type":"Person","@id":"https:\/\/www.beleza.cz\/author\/#Person","name":"","url":"https:\/\/www.beleza.cz\/author\/","identifier":1,"image":{"@type":"ImageObject","@id":"https:\/\/secure.gravatar.com\/avatar\/9cac53ffad5d6e0659d72eaf216400c165f8fbf396c79017c66698a8aa5be23d?s=96&d=mm&r=g","url":"https:\/\/secure.gravatar.com\/avatar\/9cac53ffad5d6e0659d72eaf216400c165f8fbf396c79017c66698a8aa5be23d?s=96&d=mm&r=g","height":96,"width":96}},"publisher":{"@type":"Organization","name":"beleza.cz","logo":{"@type":"ImageObject","@id":"\/logo.png","url":"\/logo.png","width":600,"height":60}},"image":{"@type":"ImageObject","@id":"https:\/\/www.beleza.cz\/wp-content\/uploads\/furniture-998265_640_10_2.jpg","url":"https:\/\/www.beleza.cz\/wp-content\/uploads\/furniture-998265_640_10_2.jpg","height":0,"width":0},"url":"https:\/\/www.beleza.cz\/interierovy-design-a-co-od-toho-muzeme-cekat\/","about":["Zahrada a d\u016fm"],"wordCount":403,"articleBody":"      Zam\u00fd\u0161leli jste se n\u011bkdy nad t\u00edm pro\u010d tolik lid\u00ed na t\u00e9to planet\u011b vyu\u017e\u00edv\u00e1 slu\u017eeb design\u00e9r\u016f? A pro\u010d to vlastn\u011b d\u011blaj\u00ed? Cht\u011bj\u00ed m\u00edt snad pocit, \u017ee pro svoje domovy ud\u011blali to nejlep\u0161\u00ed? Anebo se prost\u011b jen chceme soust\u0159edit na dokonalost odborn\u00edk\u016f, proto\u017ee jsme moc n\u00e1ro\u010dn\u00ed a m\u00e1me vysok\u00e9 po\u017eadavky. Ale hlavn\u00ed je to, \u017ee interi\u00e9rov\u00ed design\u00e9\u0159i ka\u017edop\u00e1dn\u011b odv\u00e1d\u00ed neskonale dokonalou pr\u00e1ci. A ka\u017ed\u00fd jejich hotov\u00fd interi\u00e9r prost\u011b bere dech. A to hlavn\u011b ocen\u00ed budouc\u00ed nebo i st\u00e1vaj\u00edc\u00ed majitel\u00e9. A jsou schopni v\u00e1m navrhnout interi\u00e9r jak mal\u00e9ho bytu nebo pokoj\u00ed\u010dku pro va\u0161e d\u011bti. Ale i stejn\u011b bravurn\u011b v\u00e1m navrhnou celou firmu nebo spole\u010dnost. Jen se s nimi domluv\u00edte na ur\u010dit\u00fdch bodech, kter\u00e9 tam chcete m\u00edt zakomponovan\u00e9 a co jsou pro v\u00e1s st\u011b\u017eejn\u00ed body. A pak ji\u017e pr\u00e1ce m\u016f\u017ee za\u010dnout. A vy budete jen spokojen\u011b pozorovat odborn\u00edky p\u0159i pr\u00e1ci. A \u017ee zajist\u00e9 bude na co koukat. Nap\u0159\u00edklad se m\u016f\u017eeme zam\u011b\u0159it na interi\u00e9rov\u00fd design Praha https:\/\/evalofa.com\/. Design\u00e9\u0159i jsou vlastn\u011b kouzeln\u00edci v tom, \u017ee snoub\u00ed prakti\u010dnost a kr\u00e1sn\u00fd vzhled dohromady. A vy u\u017e budete jen \u017easnout a sv\u016fj prostor ob\u00fdvat. Bude to nejen kr\u00e1sn\u00e9, ale hlavn\u011b to bude funk\u010dn\u00ed. A vy budete m\u00edt i v\u00edce prostoru, a to jak uvnit\u0159 sk\u0159\u00edn\u00ed, tak i v m\u00edstnosti celkov\u011b. Vyb\u00edrejte si opravdu odborn\u00edky na slovo vzat\u00e9, kte\u0159\u00ed se neboj\u00ed zeptat a jsou tak trochu psychologov\u00e9. A tak\u00e9 maj\u00ed notnou d\u00e1vku praxe. A nejlep\u0161\u00ed by bylo, pokud by m\u011bl v\u00e1\u0161 design\u00e9r i p\u0159\u00edslu\u0161n\u00e9 vzd\u011bl\u00e1n\u00ed. A t\u00edm se nemysl\u00ed jenom n\u011bjak\u00fd kurz. Nap\u0159\u00edklad p\u016fsob\u00ed v Praze designov\u00e9 studio Room story. Od realizace projektu a\u017e po p\u0159ed\u00e1n\u00ed \u00fapln\u011b nov\u00e9ho bytu zajist\u00ed \u00fapln\u011b v\u0161e okolo. A m\u016f\u017eete se jim pln\u011b sv\u011b\u0159it do p\u00e9\u010de. Jsou to man\u017eel\u00e9, kte\u0159\u00ed se u\u010dili v Austr\u00e1lii a mnoho zku\u0161enost\u00ed, kter\u00e9 se nau\u010dili te\u010f p\u0159ed\u00e1vaj\u00ed d\u00e1l. A to nov\u00fdm klient\u016fm v \u010cesk\u00e9 republice. A neboj\u00ed se \u017e\u00e1dn\u00e9ho \u0161\u00edlen\u00e9ho zad\u00e1n\u00ed. Jsou skv\u011bl\u00ed.                                                                                                                                                                                                                                                                                                                                                                                                  "},{"@context":"https:\/\/schema.org\/","@type":"BreadcrumbList","itemListElement":[{"@type":"ListItem","position":1,"name":"Interi\u00e9rov\u00fd design a co od toho m\u016f\u017eeme \u010dekat?","item":"https:\/\/www.beleza.cz\/interierovy-design-a-co-od-toho-muzeme-cekat\/#breadcrumbitem"}]}]