[{"@context":"https:\/\/schema.org\/","@type":"Article","@id":"https:\/\/www.beleza.cz\/deti-a-pocitac\/#Article","mainEntityOfPage":"https:\/\/www.beleza.cz\/deti-a-pocitac\/","headline":"D\u011bti a po\u010d\u00edta\u010d","name":"D\u011bti a po\u010d\u00edta\u010d","description":"Asi je zbyte\u010dn\u00e9 se pt\u00e1t, jestli m\u00e1te doma po\u010d\u00edta\u010d, proto\u017ee bez po\u010d\u00edta\u010de v dne\u0161n\u00ed dob\u011b ned\u00e1 \u010dlov\u011bk ani r\u00e1nu. A po\u010d\u00edta\u010d \u010dlov\u011bk vyu\u017e\u00edv\u00e1 opravdu ka\u017ed\u00fd den, nap\u0159\u00edklad j\u00e1 ho u\u017e zap\u00edn\u00e1m v \u0161est hodin r\u00e1no, to mus\u00edm zkontrolovat emaily, jestli tam nem\u00e1m t\u0159eba n\u011bjak\u00e9 pracovn\u00ed zpr\u00e1vy a tak podobn\u011b. N\u011bjak\u00fd pracovn\u00ed email a tak podobn\u011b. [&hellip;]","datePublished":"2024-07-31","dateModified":"2024-07-31","author":{"@type":"Person","@id":"https:\/\/www.beleza.cz\/author\/#Person","name":"","url":"https:\/\/www.beleza.cz\/author\/","identifier":1,"image":{"@type":"ImageObject","@id":"https:\/\/secure.gravatar.com\/avatar\/9cac53ffad5d6e0659d72eaf216400c165f8fbf396c79017c66698a8aa5be23d?s=96&d=mm&r=g","url":"https:\/\/secure.gravatar.com\/avatar\/9cac53ffad5d6e0659d72eaf216400c165f8fbf396c79017c66698a8aa5be23d?s=96&d=mm&r=g","height":96,"width":96}},"publisher":{"@type":"Organization","name":"beleza.cz","logo":{"@type":"ImageObject","@id":"\/logo.png","url":"\/logo.png","width":600,"height":60}},"image":{"@type":"ImageObject","@id":"https:\/\/www.beleza.cz\/wp-content\/uploads\/woman-792162_960_720_1.jpg","url":"https:\/\/www.beleza.cz\/wp-content\/uploads\/woman-792162_960_720_1.jpg","height":0,"width":0},"url":"https:\/\/www.beleza.cz\/deti-a-pocitac\/","about":["Web"],"wordCount":461,"articleBody":"Asi je zbyte\u010dn\u00e9 se pt\u00e1t, jestli m\u00e1te doma po\u010d\u00edta\u010d, proto\u017ee bez po\u010d\u00edta\u010de v dne\u0161n\u00ed dob\u011b ned\u00e1 \u010dlov\u011bk ani r\u00e1nu. A po\u010d\u00edta\u010d \u010dlov\u011bk vyu\u017e\u00edv\u00e1 opravdu ka\u017ed\u00fd den, nap\u0159\u00edklad j\u00e1 ho u\u017e zap\u00edn\u00e1m v \u0161est hodin r\u00e1no, to mus\u00edm zkontrolovat emaily, jestli tam nem\u00e1m t\u0159eba n\u011bjak\u00e9 pracovn\u00ed zpr\u00e1vy a tak podobn\u011b. N\u011bjak\u00fd pracovn\u00ed email a tak podobn\u011b. J\u00e1 bych se bez po\u010d\u00edta\u010de a bez notebooku a bez tabletu u\u017e v\u016fbec neobe\u0161la. Po\u0159\u00eddila jsem si takov\u00fd mal\u00fd macbook, je to mal\u00fd notebook a pr\u00e1v\u011b ho voz\u00edm v\u0161ude s sebou v aut\u011b, proto\u017ee tam v\u017edycky z\u00edsk\u00e1v\u00e1m r\u016fzn\u00e9 informace a nebo tam \u010dtu emaily, kdyby mi t\u0159eba psali m\u00ed z\u00e1kazn\u00edci, j\u00e1 bych se bez toho u\u017e v\u016fbec neobe\u0161la a jsem r\u00e1da, \u017ee mi tohle nikdo nezakazuje.Proto\u017ee nap\u0159\u00edklad m\u016fj mal\u00fd bratr, kter\u00e9mu je sedm let, tak tak\u00e9 vyu\u017e\u00edv\u00e1 tablet a notebook. A on \u0159\u00edk\u00e1, \u017ee by bez toho tak\u00e9 b\u00fdt nemohl. M\u016fj bratr je o mnoho let mlad\u0161\u00ed ne\u017e j\u00e1, narodil se velice pozd\u011b, asi kdy\u017e jako sedmn\u00e1ctilet\u00e1 holka jsem byla, tak se narodil m\u016fj bratr. Byla jsem ale nad\u0161en\u00e1. Tak\u00e9 mnoho lid\u00ed si myslelo, \u017ee je to m\u016fj syn. A pr\u00e1v\u011b m\u016fj sedmilet\u00fd bratr vyu\u017e\u00edv\u00e1 tablet a notebook a moje maminka \u0159\u00edk\u00e1, \u017ee se j\u00ed to nel\u00edb\u00ed, \u017ee by pr\u00fd na to mohl b\u00fdt tak\u00e9 jej\u00ed syn z\u00e1visl\u00fd. J\u00e1 jsem \u0159ekla, \u017ee vlastn\u011b takov\u00e9hle d\u011bti u\u017e se rod\u00ed tak, \u017ee vyu\u017e\u00edvaj\u00ed techniku opravdu ka\u017ed\u00fd den. A \u017ee tak\u00e9 pracuj\u00ed na po\u010d\u00edta\u010di, nap\u0159\u00edklad na webu m\u016fj mal\u00fd bratr pr\u00e1v\u011b um\u00ed zach\u00e1zet s po\u010d\u00edta\u010dem a tak\u00e9 si um\u00ed najet na r\u016fzn\u00e9 webov\u00e9 str\u00e1nky.Bez toho by m\u016fj bratr u\u017e asi nemohl b\u00fdt, hlavn\u011b tak\u00e9 nat\u00e1\u010d\u00ed r\u016fzn\u00e1 videa. J\u00e1 si mysl\u00edm, \u017ee kdy\u017e m\u016fj mal\u00fd bratr, kter\u00e9mu je teprve sedm let, bude nat\u00e1\u010det videa na webov\u00e9 str\u00e1nky nebo na youtube, tak si mysl\u00edm, \u017ee je to opravdu dobr\u00e9. Proto\u017ee se alespo\u0148 takhle vlastn\u011b vzd\u011bl\u00e1v\u00e1. A kdy\u017e bude hr\u00e1t r\u016fzn\u00e9 hry na po\u010d\u00edta\u010di a bude um\u011bt zach\u00e1zet s webov\u00fdmi str\u00e1nkami, tak podle m\u00e9ho n\u00e1zoru je to vlastn\u011b dob\u0159e, proto\u017ee na webu \u010dlov\u011bk najde opravdu mnoho informac\u00ed. Tam u\u017e si i d\u011bti na prvn\u00edm stupni \u0161koly vyhled\u00e1vaj\u00ed r\u016fzn\u00e9 informace do sv\u00fdch refer\u00e1t\u016f a podobn\u011b.\u00a0                                                                                                                                                                                                                                                                                                                                                                                                "},{"@context":"https:\/\/schema.org\/","@type":"BreadcrumbList","itemListElement":[{"@type":"ListItem","position":1,"name":"D\u011bti a po\u010d\u00edta\u010d","item":"https:\/\/www.beleza.cz\/deti-a-pocitac\/#breadcrumbitem"}]}]