[{"@context":"https:\/\/schema.org\/","@type":"Article","@id":"https:\/\/www.beleza.cz\/bydleni-za-ktere-se-nebudete-stydet\/#Article","mainEntityOfPage":"https:\/\/www.beleza.cz\/bydleni-za-ktere-se-nebudete-stydet\/","headline":"Bydlen\u00ed, za kter\u00e9 se nebudete styd\u011bt","name":"Bydlen\u00ed, za kter\u00e9 se nebudete styd\u011bt","description":"P\u0159em\u00fd\u0161l\u00edte o modernizaci bydlen\u00ed, ale nechce se v\u00e1m pou\u0161t\u011bt do slo\u017eit\u00e9 rekonstrukce? Nebudete muset, proto\u017ee modernizaci bytu, za\u0159\u00edd\u00edte vestav\u011bn\u00fdmi sk\u0159\u00edn\u011bmi Praha. Poslou\u017e\u00ed nejen, jako \u00falo\u017ei\u0161t\u011b pro oble\u010den\u00ed a dal\u0161\u00ed p\u0159edm\u011bty, ale i jako skv\u011bl\u00e9 \u0159e\u0161en\u00ed pro modern\u00ed byt. Chcete p\u0159ed\u011blit m\u00edstnost? I tohle m\u016f\u017ee b\u00fdt \u0159e\u0161en\u00ed a bez slo\u017eit\u00e9 rekonstrukce nebo bour\u00e1n\u00ed. Nav\u00edc estetick\u00fd design, [&hellip;]","datePublished":"2024-11-12","dateModified":"2024-11-12","author":{"@type":"Person","@id":"https:\/\/www.beleza.cz\/author\/#Person","name":"","url":"https:\/\/www.beleza.cz\/author\/","identifier":1,"image":{"@type":"ImageObject","@id":"https:\/\/secure.gravatar.com\/avatar\/9cac53ffad5d6e0659d72eaf216400c165f8fbf396c79017c66698a8aa5be23d?s=96&d=mm&r=g","url":"https:\/\/secure.gravatar.com\/avatar\/9cac53ffad5d6e0659d72eaf216400c165f8fbf396c79017c66698a8aa5be23d?s=96&d=mm&r=g","height":96,"width":96}},"publisher":{"@type":"Organization","name":"beleza.cz","logo":{"@type":"ImageObject","@id":"\/logo.png","url":"\/logo.png","width":600,"height":60}},"url":"https:\/\/www.beleza.cz\/bydleni-za-ktere-se-nebudete-stydet\/","wordCount":190,"articleBody":"P\u0159em\u00fd\u0161l\u00edte o modernizaci bydlen\u00ed, ale nechce se v\u00e1m pou\u0161t\u011bt do slo\u017eit\u00e9 rekonstrukce? Nebudete muset, proto\u017ee modernizaci bytu, za\u0159\u00edd\u00edte vestav\u011bn\u00fdmi sk\u0159\u00edn\u011bmi Praha. Poslou\u017e\u00ed nejen, jako \u00falo\u017ei\u0161t\u011b pro oble\u010den\u00ed a dal\u0161\u00ed p\u0159edm\u011bty, ale i jako skv\u011bl\u00e9 \u0159e\u0161en\u00ed pro modern\u00ed byt. Chcete p\u0159ed\u011blit m\u00edstnost? I tohle m\u016f\u017ee b\u00fdt \u0159e\u0161en\u00ed a bez slo\u017eit\u00e9 rekonstrukce nebo bour\u00e1n\u00ed. Nav\u00edc estetick\u00fd design, kter\u00fd se skv\u011ble hod\u00ed do ka\u017ed\u00e9ho prostoru a p\u0159izp\u016fsob\u00ed interi\u00e9ru.Abyste bydleli hladceV\u0161ude n\u011bjak\u00fd n\u00e1bytek, o kter\u00fd zakop\u00e1v\u00e1te, a nav\u00edc se nehod\u00ed do prostoru, proto\u017ee je velk\u00fd nebo zab\u00edr\u00e1 zbyte\u010dn\u011b moc m\u00edsta? K tomu se do n\u011bj nevejde v\u0161e, co pot\u0159ebujete? S vestav\u011bn\u00fdmi sk\u0159\u00edn\u011bmi Praha dokonale vy\u0159e\u0161\u00edte prostor i \u00falo\u017ei\u0161t\u011b. Z\u00edsk\u00e1te mno\u017estv\u00ed poli\u010dek i polic, \u0161upl\u00edk\u016f i z\u00e1v\u011bsn\u00e9ho syst\u00e9mu a zmodernizujete v\u00e1\u0161 byt. Kone\u010dn\u011b budete bydlet hladce.                                                                                                                                                                                                                                                                                                                                                                                                "},{"@context":"https:\/\/schema.org\/","@type":"BreadcrumbList","itemListElement":[{"@type":"ListItem","position":1,"name":"Bydlen\u00ed, za kter\u00e9 se nebudete styd\u011bt","item":"https:\/\/www.beleza.cz\/bydleni-za-ktere-se-nebudete-stydet\/#breadcrumbitem"}]}]